{"id":702,"date":"2020-12-10T20:46:11","date_gmt":"2020-12-10T20:46:11","guid":{"rendered":"https:\/\/vqqm.ca\/?p=702"},"modified":"2020-12-26T00:03:50","modified_gmt":"2020-12-26T00:03:50","slug":"joachim-otto-quatuor-1997","status":"publish","type":"post","link":"https:\/\/vqqm.ca\/en\/joachim-otto-quatuor-1997\/","title":{"rendered":"Joachim, Otto : Quatuor (1997)"},"content":{"rendered":"<p>The String Quartet (1997) of Otto Joachim found its inspiration after a visit to Seoul, Korea\nwhere Joachim was active as a violin instructor for the Jeunesses Musicales World Orchestra.<\/p>\n\n\n\n<p class=\"translation-block\">Joachim's return to Asia in 1977, after having earlier lived in Malaysia and China for 16 years, renewed his interest in music from that region. The Quartet evokes Korean sounds and embraces dodecaphonic and aleatoric structures. Originally conceived as a String Trio, Joachim finally opted to complete the work as a String quartet. It was premiered by the Molinari Quartet on March 10 2000 in Montreal.<\/p>\n\n\n\n<p>This is actually Joachim\u2019s fourth quartet. One written in the mid-thirties and another from the fifties have been \"disinherited\" and they are resting in the \"Otto Joachim\" archives at the National Library of Canada.<\/p>\n\n\n\n<p><em>Centre musique canadienne and Olga Ranzenhofer<\/em><\/p>\n\n\n\n<h3 class=\"wp-block-heading\">Access to score:<\/h3>\n\n\n\n<p>Canadian Music Center : <a href=\"https:\/\/cmccanada.org\/fr\/shop\/57911\/\" target=\"_blank\" rel=\"noreferrer noopener\">https:\/\/cmccanada.org\/fr\/shop\/57911\/<\/a><\/p>\n\n\n\n<figure class=\"wp-block-embed is-type-video is-provider-youtube wp-block-embed-youtube wp-embed-aspect-16-9 wp-has-aspect-ratio\"><div class=\"wp-block-embed__wrapper\">\n<div class=\"ast-oembed-container\" style=\"height: 100%;\"><iframe title=\"Otto Joachim, Quatuor (1997)\" width=\"500\" height=\"281\" src=\"https:\/\/www.youtube.com\/embed\/5W2_Tfs5YQI?feature=oembed\" frameborder=\"0\" allow=\"accelerometer; autoplay; clipboard-write; encrypted-media; gyroscope; picture-in-picture; web-share\" referrerpolicy=\"strict-origin-when-cross-origin\" allowfullscreen><\/iframe><\/div>\n<\/div><\/figure>","protected":false},"excerpt":{"rendered":"<p>Guido Molinari, Red\u00a0Rectangular, 1959, acrylic on canvas, 160 x 144 cm (collection of the Guido Molinari Foundation)<\/p>","protected":false},"author":1,"featured_media":804,"comment_status":"open","ping_status":"open","sticky":false,"template":"","format":"standard","meta":{"_acf_changed":false,"site-sidebar-layout":"default","site-content-layout":"default","ast-site-content-layout":"","site-content-style":"default","site-sidebar-style":"default","ast-global-header-display":"","ast-banner-title-visibility":"","ast-main-header-display":"","ast-hfb-above-header-display":"","ast-hfb-below-header-display":"","ast-hfb-mobile-header-display":"","site-post-title":"","ast-breadcrumbs-content":"","ast-featured-img":"","footer-sml-layout":"","theme-transparent-header-meta":"default","adv-header-id-meta":"","stick-header-meta":"","header-above-stick-meta":"","header-main-stick-meta":"","header-below-stick-meta":"","astra-migrate-meta-layouts":"default","ast-page-background-enabled":"default","ast-page-background-meta":{"desktop":{"background-color":"var(--ast-global-color-4)","background-image":"","background-repeat":"repeat","background-position":"center center","background-size":"auto","background-attachment":"scroll","background-type":"","background-media":"","overlay-type":"","overlay-color":"","overlay-opacity":"","overlay-gradient":""},"tablet":{"background-color":"","background-image":"","background-repeat":"repeat","background-position":"center center","background-size":"auto","background-attachment":"scroll","background-type":"","background-media":"","overlay-type":"","overlay-color":"","overlay-opacity":"","overlay-gradient":""},"mobile":{"background-color":"","background-image":"","background-repeat":"repeat","background-position":"center center","background-size":"auto","background-attachment":"scroll","background-type":"","background-media":"","overlay-type":"","overlay-color":"","overlay-opacity":"","overlay-gradient":""}},"ast-content-background-meta":{"desktop":{"background-color":"var(--ast-global-color-5)","background-image":"","background-repeat":"repeat","background-position":"center center","background-size":"auto","background-attachment":"scroll","background-type":"","background-media":"","overlay-type":"","overlay-color":"","overlay-opacity":"","overlay-gradient":""},"tablet":{"background-color":"var(--ast-global-color-5)","background-image":"","background-repeat":"repeat","background-position":"center center","background-size":"auto","background-attachment":"scroll","background-type":"","background-media":"","overlay-type":"","overlay-color":"","overlay-opacity":"","overlay-gradient":""},"mobile":{"background-color":"var(--ast-global-color-5)","background-image":"","background-repeat":"repeat","background-position":"center center","background-size":"auto","background-attachment":"scroll","background-type":"","background-media":"","overlay-type":"","overlay-color":"","overlay-opacity":"","overlay-gradient":""}},"footnotes":""},"categories":[6],"tags":[17,22],"class_list":["post-702","post","type-post","status-publish","format-standard","has-post-thumbnail","hentry","category-videotheque","tag-j","tag-o"],"acf":[],"yoast_head":"<!-- This site is optimized with the Yoast SEO plugin v26.8 - https:\/\/yoast.com\/product\/yoast-seo-wordpress\/ -->\n<title>Otto Joachim - Quatuor \u00e0 cordes (1997) - vid\u00e9oth\u00e8que - VQQM<\/title>\n<meta name=\"description\" content=\"Otto Joachim a trouv\u00e9 la source d&#039;inspiration de son Quatuor de 1997 \u00e0 la suite d&#039;une visite \u00e0 S\u00e9oul o\u00f9 il agissait en tant que r\u00e9p\u00e9titeur...\" \/>\n<meta name=\"robots\" content=\"index, follow, max-snippet:-1, max-image-preview:large, max-video-preview:-1\" \/>\n<link rel=\"canonical\" href=\"https:\/\/vqqm.ca\/en\/joachim-otto-quatuor-1997\/\" \/>\n<meta property=\"og:locale\" content=\"en_US\" \/>\n<meta property=\"og:type\" content=\"article\" \/>\n<meta property=\"og:title\" content=\"Otto Joachim - Quatuor \u00e0 cordes (1997) - vid\u00e9oth\u00e8que - VQQM\" \/>\n<meta property=\"og:description\" content=\"Otto Joachim a trouv\u00e9 la source d&#039;inspiration de son Quatuor de 1997 \u00e0 la suite d&#039;une visite \u00e0 S\u00e9oul o\u00f9 il agissait en tant que r\u00e9p\u00e9titeur...\" \/>\n<meta property=\"og:url\" content=\"https:\/\/vqqm.ca\/en\/joachim-otto-quatuor-1997\/\" \/>\n<meta property=\"og:site_name\" content=\"Vid\u00e9oth\u00e8que Qu\u00e9b\u00e9coise du Quatuor Molinari | VQQM\" \/>\n<meta property=\"article:publisher\" content=\"https:\/\/www.facebook.com\/quatuormolinari\/\" \/>\n<meta property=\"article:published_time\" content=\"2020-12-10T20:46:11+00:00\" \/>\n<meta property=\"article:modified_time\" content=\"2020-12-26T00:03:50+00:00\" \/>\n<meta property=\"og:image\" content=\"https:\/\/vqqm.ca\/wp-content\/uploads\/2020\/12\/Joachim-1.jpg\" \/>\n\t<meta property=\"og:image:width\" content=\"800\" \/>\n\t<meta property=\"og:image:height\" content=\"888\" \/>\n\t<meta property=\"og:image:type\" content=\"image\/jpeg\" \/>\n<meta name=\"author\" content=\"admin-site-VQQM-OP\" \/>\n<meta name=\"twitter:card\" content=\"summary_large_image\" \/>\n<meta name=\"twitter:creator\" content=\"@QuatuorMolinari\" \/>\n<meta name=\"twitter:site\" content=\"@QuatuorMolinari\" \/>\n<meta name=\"twitter:label1\" content=\"Written by\" \/>\n\t<meta name=\"twitter:data1\" content=\"admin-site-VQQM-OP\" \/>\n\t<meta name=\"twitter:label2\" content=\"Est. reading time\" \/>\n\t<meta name=\"twitter:data2\" content=\"1 minute\" \/>\n<script type=\"application\/ld+json\" class=\"yoast-schema-graph\">{\"@context\":\"https:\/\/schema.org\",\"@graph\":[{\"@type\":\"Article\",\"@id\":\"https:\/\/vqqm.ca\/en\/joachim-otto-quatuor-1997\/#article\",\"isPartOf\":{\"@id\":\"https:\/\/vqqm.ca\/en\/joachim-otto-quatuor-1997\/\"},\"author\":{\"name\":\"admin-site-VQQM-OP\",\"@id\":\"https:\/\/vqqm.ca\/#\/schema\/person\/a22ce533e8fab6c94888a1183634acf4\"},\"headline\":\"Joachim, Otto : Quatuor (1997)\",\"datePublished\":\"2020-12-10T20:46:11+00:00\",\"dateModified\":\"2020-12-26T00:03:50+00:00\",\"mainEntityOfPage\":{\"@id\":\"https:\/\/vqqm.ca\/en\/joachim-otto-quatuor-1997\/\"},\"wordCount\":209,\"commentCount\":0,\"publisher\":{\"@id\":\"https:\/\/vqqm.ca\/#organization\"},\"image\":{\"@id\":\"https:\/\/vqqm.ca\/en\/joachim-otto-quatuor-1997\/#primaryimage\"},\"thumbnailUrl\":\"https:\/\/vqqm.ca\/wp-content\/uploads\/2020\/12\/Joachim-1.jpg\",\"keywords\":[\"J\",\"O\"],\"articleSection\":[\"Videotheque\"],\"inLanguage\":\"en-CA\",\"potentialAction\":[{\"@type\":\"CommentAction\",\"name\":\"Comment\",\"target\":[\"https:\/\/vqqm.ca\/en\/joachim-otto-quatuor-1997\/#respond\"]}]},{\"@type\":\"WebPage\",\"@id\":\"https:\/\/vqqm.ca\/en\/joachim-otto-quatuor-1997\/\",\"url\":\"https:\/\/vqqm.ca\/en\/joachim-otto-quatuor-1997\/\",\"name\":\"Otto Joachim - Quatuor \u00e0 cordes (1997) - vid\u00e9oth\u00e8que - VQQM\",\"isPartOf\":{\"@id\":\"https:\/\/vqqm.ca\/#website\"},\"primaryImageOfPage\":{\"@id\":\"https:\/\/vqqm.ca\/en\/joachim-otto-quatuor-1997\/#primaryimage\"},\"image\":{\"@id\":\"https:\/\/vqqm.ca\/en\/joachim-otto-quatuor-1997\/#primaryimage\"},\"thumbnailUrl\":\"https:\/\/vqqm.ca\/wp-content\/uploads\/2020\/12\/Joachim-1.jpg\",\"datePublished\":\"2020-12-10T20:46:11+00:00\",\"dateModified\":\"2020-12-26T00:03:50+00:00\",\"description\":\"Otto Joachim a trouv\u00e9 la source d'inspiration de son Quatuor de 1997 \u00e0 la suite d'une visite \u00e0 S\u00e9oul o\u00f9 il agissait en tant que r\u00e9p\u00e9titeur...\",\"breadcrumb\":{\"@id\":\"https:\/\/vqqm.ca\/en\/joachim-otto-quatuor-1997\/#breadcrumb\"},\"inLanguage\":\"en-CA\",\"potentialAction\":[{\"@type\":\"ReadAction\",\"target\":[\"https:\/\/vqqm.ca\/en\/joachim-otto-quatuor-1997\/\"]}]},{\"@type\":\"ImageObject\",\"inLanguage\":\"en-CA\",\"@id\":\"https:\/\/vqqm.ca\/en\/joachim-otto-quatuor-1997\/#primaryimage\",\"url\":\"https:\/\/vqqm.ca\/wp-content\/uploads\/2020\/12\/Joachim-1.jpg\",\"contentUrl\":\"https:\/\/vqqm.ca\/wp-content\/uploads\/2020\/12\/Joachim-1.jpg\",\"width\":800,\"height\":888,\"caption\":\"Molinari-Joachim\"},{\"@type\":\"BreadcrumbList\",\"@id\":\"https:\/\/vqqm.ca\/en\/joachim-otto-quatuor-1997\/#breadcrumb\",\"itemListElement\":[{\"@type\":\"ListItem\",\"position\":1,\"name\":\"Home\",\"item\":\"https:\/\/vqqm.ca\/\"},{\"@type\":\"ListItem\",\"position\":2,\"name\":\"Joachim, Otto : Quatuor (1997)\"}]},{\"@type\":\"WebSite\",\"@id\":\"https:\/\/vqqm.ca\/#website\",\"url\":\"https:\/\/vqqm.ca\/\",\"name\":\"Vid\u00e9oth\u00e8que Qu\u00e9b\u00e9coise du Quatuor Molinari | VQQM\",\"description\":\"Vid\u00e9oth\u00e8que de quatuors qu\u00e9b\u00e9cois jou\u00e9 par le Quatuor Molinari\",\"publisher\":{\"@id\":\"https:\/\/vqqm.ca\/#organization\"},\"potentialAction\":[{\"@type\":\"SearchAction\",\"target\":{\"@type\":\"EntryPoint\",\"urlTemplate\":\"https:\/\/vqqm.ca\/?s={search_term_string}\"},\"query-input\":{\"@type\":\"PropertyValueSpecification\",\"valueRequired\":true,\"valueName\":\"search_term_string\"}}],\"inLanguage\":\"en-CA\"},{\"@type\":\"Organization\",\"@id\":\"https:\/\/vqqm.ca\/#organization\",\"name\":\"VQQM - Vid\u00e9otheque quebecois Quatuor Molinari\",\"url\":\"https:\/\/vqqm.ca\/\",\"logo\":{\"@type\":\"ImageObject\",\"inLanguage\":\"en-CA\",\"@id\":\"https:\/\/vqqm.ca\/#\/schema\/logo\/image\/\",\"url\":\"https:\/\/vqqm.ca\/wp-content\/uploads\/2020\/11\/logo-VQQM-2.png\",\"contentUrl\":\"https:\/\/vqqm.ca\/wp-content\/uploads\/2020\/11\/logo-VQQM-2.png\",\"width\":300,\"height\":300,\"caption\":\"VQQM - Vid\u00e9otheque quebecois Quatuor Molinari\"},\"image\":{\"@id\":\"https:\/\/vqqm.ca\/#\/schema\/logo\/image\/\"},\"sameAs\":[\"https:\/\/www.facebook.com\/quatuormolinari\/\",\"https:\/\/x.com\/QuatuorMolinari\",\"https:\/\/www.instagram.com\/quatuormolinari\/\",\"https:\/\/www.linkedin.com\/in\/olga-ranzenhofer-8a77bb23\/\",\"https:\/\/www.youtube.com\/channel\/UC6RBwLOKsG4mtzjIy3g-lCA\"]},{\"@type\":\"Person\",\"@id\":\"https:\/\/vqqm.ca\/#\/schema\/person\/a22ce533e8fab6c94888a1183634acf4\",\"name\":\"admin-site-VQQM-OP\",\"sameAs\":[\"https:\/\/vqqm.ca\"]}]}<\/script>\n<!-- \/ Yoast SEO plugin. -->","yoast_head_json":{"title":"Otto Joachim - Quatuor \u00e0 cordes (1997) - vid\u00e9oth\u00e8que - VQQM","description":"Otto Joachim a trouv\u00e9 la source d'inspiration de son Quatuor de 1997 \u00e0 la suite d'une visite \u00e0 S\u00e9oul o\u00f9 il agissait en tant que r\u00e9p\u00e9titeur...","robots":{"index":"index","follow":"follow","max-snippet":"max-snippet:-1","max-image-preview":"max-image-preview:large","max-video-preview":"max-video-preview:-1"},"canonical":"https:\/\/vqqm.ca\/en\/joachim-otto-quatuor-1997\/","og_locale":"en_US","og_type":"article","og_title":"Otto Joachim - Quatuor \u00e0 cordes (1997) - vid\u00e9oth\u00e8que - VQQM","og_description":"Otto Joachim a trouv\u00e9 la source d'inspiration de son Quatuor de 1997 \u00e0 la suite d'une visite \u00e0 S\u00e9oul o\u00f9 il agissait en tant que r\u00e9p\u00e9titeur...","og_url":"https:\/\/vqqm.ca\/en\/joachim-otto-quatuor-1997\/","og_site_name":"Vid\u00e9oth\u00e8que Qu\u00e9b\u00e9coise du Quatuor Molinari | VQQM","article_publisher":"https:\/\/www.facebook.com\/quatuormolinari\/","article_published_time":"2020-12-10T20:46:11+00:00","article_modified_time":"2020-12-26T00:03:50+00:00","og_image":[{"width":800,"height":888,"url":"https:\/\/vqqm.ca\/wp-content\/uploads\/2020\/12\/Joachim-1.jpg","type":"image\/jpeg"}],"author":"admin-site-VQQM-OP","twitter_card":"summary_large_image","twitter_creator":"@QuatuorMolinari","twitter_site":"@QuatuorMolinari","twitter_misc":{"Written by":"admin-site-VQQM-OP","Est. reading time":"1 minute"},"schema":{"@context":"https:\/\/schema.org","@graph":[{"@type":"Article","@id":"https:\/\/vqqm.ca\/en\/joachim-otto-quatuor-1997\/#article","isPartOf":{"@id":"https:\/\/vqqm.ca\/en\/joachim-otto-quatuor-1997\/"},"author":{"name":"admin-site-VQQM-OP","@id":"https:\/\/vqqm.ca\/#\/schema\/person\/a22ce533e8fab6c94888a1183634acf4"},"headline":"Joachim, Otto : Quatuor (1997)","datePublished":"2020-12-10T20:46:11+00:00","dateModified":"2020-12-26T00:03:50+00:00","mainEntityOfPage":{"@id":"https:\/\/vqqm.ca\/en\/joachim-otto-quatuor-1997\/"},"wordCount":209,"commentCount":0,"publisher":{"@id":"https:\/\/vqqm.ca\/#organization"},"image":{"@id":"https:\/\/vqqm.ca\/en\/joachim-otto-quatuor-1997\/#primaryimage"},"thumbnailUrl":"https:\/\/vqqm.ca\/wp-content\/uploads\/2020\/12\/Joachim-1.jpg","keywords":["J","O"],"articleSection":["Videotheque"],"inLanguage":"en-CA","potentialAction":[{"@type":"CommentAction","name":"Comment","target":["https:\/\/vqqm.ca\/en\/joachim-otto-quatuor-1997\/#respond"]}]},{"@type":"WebPage","@id":"https:\/\/vqqm.ca\/en\/joachim-otto-quatuor-1997\/","url":"https:\/\/vqqm.ca\/en\/joachim-otto-quatuor-1997\/","name":"Otto Joachim - Quatuor \u00e0 cordes (1997) - vid\u00e9oth\u00e8que - VQQM","isPartOf":{"@id":"https:\/\/vqqm.ca\/#website"},"primaryImageOfPage":{"@id":"https:\/\/vqqm.ca\/en\/joachim-otto-quatuor-1997\/#primaryimage"},"image":{"@id":"https:\/\/vqqm.ca\/en\/joachim-otto-quatuor-1997\/#primaryimage"},"thumbnailUrl":"https:\/\/vqqm.ca\/wp-content\/uploads\/2020\/12\/Joachim-1.jpg","datePublished":"2020-12-10T20:46:11+00:00","dateModified":"2020-12-26T00:03:50+00:00","description":"Otto Joachim a trouv\u00e9 la source d'inspiration de son Quatuor de 1997 \u00e0 la suite d'une visite \u00e0 S\u00e9oul o\u00f9 il agissait en tant que r\u00e9p\u00e9titeur...","breadcrumb":{"@id":"https:\/\/vqqm.ca\/en\/joachim-otto-quatuor-1997\/#breadcrumb"},"inLanguage":"en-CA","potentialAction":[{"@type":"ReadAction","target":["https:\/\/vqqm.ca\/en\/joachim-otto-quatuor-1997\/"]}]},{"@type":"ImageObject","inLanguage":"en-CA","@id":"https:\/\/vqqm.ca\/en\/joachim-otto-quatuor-1997\/#primaryimage","url":"https:\/\/vqqm.ca\/wp-content\/uploads\/2020\/12\/Joachim-1.jpg","contentUrl":"https:\/\/vqqm.ca\/wp-content\/uploads\/2020\/12\/Joachim-1.jpg","width":800,"height":888,"caption":"Molinari-Joachim"},{"@type":"BreadcrumbList","@id":"https:\/\/vqqm.ca\/en\/joachim-otto-quatuor-1997\/#breadcrumb","itemListElement":[{"@type":"ListItem","position":1,"name":"Home","item":"https:\/\/vqqm.ca\/"},{"@type":"ListItem","position":2,"name":"Joachim, Otto : Quatuor (1997)"}]},{"@type":"WebSite","@id":"https:\/\/vqqm.ca\/#website","url":"https:\/\/vqqm.ca\/","name":"Vid\u00e9oth\u00e8que Qu\u00e9b\u00e9coise du Quatuor Molinari | VQQM","description":"Vid\u00e9oth\u00e8que de quatuors qu\u00e9b\u00e9cois jou\u00e9 par le Quatuor Molinari","publisher":{"@id":"https:\/\/vqqm.ca\/#organization"},"potentialAction":[{"@type":"SearchAction","target":{"@type":"EntryPoint","urlTemplate":"https:\/\/vqqm.ca\/?s={search_term_string}"},"query-input":{"@type":"PropertyValueSpecification","valueRequired":true,"valueName":"search_term_string"}}],"inLanguage":"en-CA"},{"@type":"Organization","@id":"https:\/\/vqqm.ca\/#organization","name":"VQQM - Vid\u00e9otheque quebecois Quatuor Molinari","url":"https:\/\/vqqm.ca\/","logo":{"@type":"ImageObject","inLanguage":"en-CA","@id":"https:\/\/vqqm.ca\/#\/schema\/logo\/image\/","url":"https:\/\/vqqm.ca\/wp-content\/uploads\/2020\/11\/logo-VQQM-2.png","contentUrl":"https:\/\/vqqm.ca\/wp-content\/uploads\/2020\/11\/logo-VQQM-2.png","width":300,"height":300,"caption":"VQQM - Vid\u00e9otheque quebecois Quatuor Molinari"},"image":{"@id":"https:\/\/vqqm.ca\/#\/schema\/logo\/image\/"},"sameAs":["https:\/\/www.facebook.com\/quatuormolinari\/","https:\/\/x.com\/QuatuorMolinari","https:\/\/www.instagram.com\/quatuormolinari\/","https:\/\/www.linkedin.com\/in\/olga-ranzenhofer-8a77bb23\/","https:\/\/www.youtube.com\/channel\/UC6RBwLOKsG4mtzjIy3g-lCA"]},{"@type":"Person","@id":"https:\/\/vqqm.ca\/#\/schema\/person\/a22ce533e8fab6c94888a1183634acf4","name":"admin-site-VQQM-OP","sameAs":["https:\/\/vqqm.ca"]}]}},"_links":{"self":[{"href":"https:\/\/vqqm.ca\/en\/wp-json\/wp\/v2\/posts\/702","targetHints":{"allow":["GET"]}}],"collection":[{"href":"https:\/\/vqqm.ca\/en\/wp-json\/wp\/v2\/posts"}],"about":[{"href":"https:\/\/vqqm.ca\/en\/wp-json\/wp\/v2\/types\/post"}],"author":[{"embeddable":true,"href":"https:\/\/vqqm.ca\/en\/wp-json\/wp\/v2\/users\/1"}],"replies":[{"embeddable":true,"href":"https:\/\/vqqm.ca\/en\/wp-json\/wp\/v2\/comments?post=702"}],"version-history":[{"count":19,"href":"https:\/\/vqqm.ca\/en\/wp-json\/wp\/v2\/posts\/702\/revisions"}],"predecessor-version":[{"id":1044,"href":"https:\/\/vqqm.ca\/en\/wp-json\/wp\/v2\/posts\/702\/revisions\/1044"}],"wp:featuredmedia":[{"embeddable":true,"href":"https:\/\/vqqm.ca\/en\/wp-json\/wp\/v2\/media\/804"}],"wp:attachment":[{"href":"https:\/\/vqqm.ca\/en\/wp-json\/wp\/v2\/media?parent=702"}],"wp:term":[{"taxonomy":"category","embeddable":true,"href":"https:\/\/vqqm.ca\/en\/wp-json\/wp\/v2\/categories?post=702"},{"taxonomy":"post_tag","embeddable":true,"href":"https:\/\/vqqm.ca\/en\/wp-json\/wp\/v2\/tags?post=702"}],"curies":[{"name":"wp","href":"https:\/\/api.w.org\/{rel}","templated":true}]}}