{"id":941,"date":"2020-12-22T21:44:03","date_gmt":"2020-12-22T21:44:03","guid":{"rendered":"https:\/\/vqqm.ca\/?p=941"},"modified":"2021-11-19T22:36:22","modified_gmt":"2021-11-19T22:36:22","slug":"morel-francois-quatuor-no-1-1952-54","status":"publish","type":"post","link":"https:\/\/vqqm.ca\/en\/morel-francois-quatuor-no-1-1952-54\/","title":{"rendered":"Morel, Fran\u00e7ois : Quatuor no.1 (1952-54)"},"content":{"rendered":"<p class=\"translation-block\">In 1952, I participated in a competition organised by the Laval University to underline its 100th anniversary of the signing of the Royal charter of the universities (1852-1952). I won the first prize in the chamber music category. One of the requirements was the use of Quebec folklore in the composition. Unlike the usual quote being used with an obsolete harmonization, I thought that the best way to incorporate folk melodies would be by the use of humour, even derision in a style close to Stravinski and Bart\u00f3k. To add to this humour I quote the universally known nursery rhymes Three Blind Mice and Fr\u00e8re Jacques (Brother John), without a nod to biculturalism.\nThe strings are sometimes used as percussions (col legno). The second movement is more lyrical with its intertwining lines and the third reminds the first with its great momentum. The quartet is of cyclic form with the first movement being an Allegro marked Rythmique, followed by an Adagio (Lent) and a closing Rondo (Vif)<\/p>\n\n\n\n<p><em>Fran\u00e7ois Morel<\/em><\/p>\n\n\n\n<h3 class=\"wp-block-heading\">Access to score:<\/h3>\n\n\n\n<p><a href=\"https:\/\/productionsdoz.com\/product\/303-quatuor-a-cordes-no-1\">https:\/\/productionsdoz.com\/product\/303-quatuor-a-cordes-no-1<\/a><\/p>\n\n\n\n<figure class=\"wp-block-embed is-type-video is-provider-youtube wp-block-embed-youtube wp-embed-aspect-16-9 wp-has-aspect-ratio\"><div class=\"wp-block-embed__wrapper\">\n<div class=\"ast-oembed-container\" style=\"height: 100%;\"><iframe title=\"Fran\u00e7ois Morel, Quatuor no.1\" width=\"500\" height=\"281\" src=\"https:\/\/www.youtube.com\/embed\/jFCHHUTI1-I?feature=oembed\" frameborder=\"0\" allow=\"accelerometer; autoplay; clipboard-write; encrypted-media; gyroscope; picture-in-picture; web-share\" referrerpolicy=\"strict-origin-when-cross-origin\" allowfullscreen><\/iframe><\/div>\n<\/div><\/figure>","protected":false},"excerpt":{"rendered":"<p>Guido Molinari, Sang d&rsquo;or bleu, 1985, Acrylique sur toile, 142 x 142 cm<br \/>\n (collection de la Fondation Guido Molinari)<\/p>","protected":false},"author":1,"featured_media":950,"comment_status":"open","ping_status":"open","sticky":false,"template":"","format":"standard","meta":{"_acf_changed":false,"site-sidebar-layout":"default","site-content-layout":"default","ast-site-content-layout":"","site-content-style":"default","site-sidebar-style":"default","ast-global-header-display":"","ast-banner-title-visibility":"","ast-main-header-display":"","ast-hfb-above-header-display":"","ast-hfb-below-header-display":"","ast-hfb-mobile-header-display":"","site-post-title":"","ast-breadcrumbs-content":"","ast-featured-img":"","footer-sml-layout":"","theme-transparent-header-meta":"default","adv-header-id-meta":"","stick-header-meta":"","header-above-stick-meta":"","header-main-stick-meta":"","header-below-stick-meta":"","astra-migrate-meta-layouts":"default","ast-page-background-enabled":"default","ast-page-background-meta":{"desktop":{"background-color":"var(--ast-global-color-4)","background-image":"","background-repeat":"repeat","background-position":"center center","background-size":"auto","background-attachment":"scroll","background-type":"","background-media":"","overlay-type":"","overlay-color":"","overlay-opacity":"","overlay-gradient":""},"tablet":{"background-color":"","background-image":"","background-repeat":"repeat","background-position":"center center","background-size":"auto","background-attachment":"scroll","background-type":"","background-media":"","overlay-type":"","overlay-color":"","overlay-opacity":"","overlay-gradient":""},"mobile":{"background-color":"","background-image":"","background-repeat":"repeat","background-position":"center center","background-size":"auto","background-attachment":"scroll","background-type":"","background-media":"","overlay-type":"","overlay-color":"","overlay-opacity":"","overlay-gradient":""}},"ast-content-background-meta":{"desktop":{"background-color":"var(--ast-global-color-5)","background-image":"","background-repeat":"repeat","background-position":"center center","background-size":"auto","background-attachment":"scroll","background-type":"","background-media":"","overlay-type":"","overlay-color":"","overlay-opacity":"","overlay-gradient":""},"tablet":{"background-color":"var(--ast-global-color-5)","background-image":"","background-repeat":"repeat","background-position":"center center","background-size":"auto","background-attachment":"scroll","background-type":"","background-media":"","overlay-type":"","overlay-color":"","overlay-opacity":"","overlay-gradient":""},"mobile":{"background-color":"var(--ast-global-color-5)","background-image":"","background-repeat":"repeat","background-position":"center center","background-size":"auto","background-attachment":"scroll","background-type":"","background-media":"","overlay-type":"","overlay-color":"","overlay-opacity":"","overlay-gradient":""}},"footnotes":""},"categories":[6],"tags":[],"class_list":["post-941","post","type-post","status-publish","format-standard","has-post-thumbnail","hentry","category-videotheque"],"acf":[],"yoast_head":"<!-- This site is optimized with the Yoast SEO plugin v26.8 - https:\/\/yoast.com\/product\/yoast-seo-wordpress\/ -->\n<title>Morel, Fran\u00e7ois : Quatuor no.1 (1952-54) - VQQM Vid\u00e9othque<\/title>\n<meta name=\"description\" content=\"Les cordes sont parfois trait\u00e9es comme de la percussion. Plus lyrique est le deuxi\u00e8me mouvement avec ses lignes m\u00e9lismatiques.\" \/>\n<meta name=\"robots\" content=\"index, follow, max-snippet:-1, max-image-preview:large, max-video-preview:-1\" \/>\n<link rel=\"canonical\" href=\"https:\/\/vqqm.ca\/en\/morel-francois-quatuor-no-1-1952-54\/\" \/>\n<meta property=\"og:locale\" content=\"en_US\" \/>\n<meta property=\"og:type\" content=\"article\" \/>\n<meta property=\"og:title\" content=\"Morel, Fran\u00e7ois : Quatuor no.1 (1952-54) - VQQM Vid\u00e9othque\" \/>\n<meta property=\"og:description\" content=\"Les cordes sont parfois trait\u00e9es comme de la percussion. Plus lyrique est le deuxi\u00e8me mouvement avec ses lignes m\u00e9lismatiques.\" \/>\n<meta property=\"og:url\" content=\"https:\/\/vqqm.ca\/en\/morel-francois-quatuor-no-1-1952-54\/\" \/>\n<meta property=\"og:site_name\" content=\"Vid\u00e9oth\u00e8que Qu\u00e9b\u00e9coise du Quatuor Molinari | VQQM\" \/>\n<meta property=\"article:publisher\" content=\"https:\/\/www.facebook.com\/quatuormolinari\/\" \/>\n<meta property=\"article:published_time\" content=\"2020-12-22T21:44:03+00:00\" \/>\n<meta property=\"article:modified_time\" content=\"2021-11-19T22:36:22+00:00\" \/>\n<meta property=\"og:image\" content=\"https:\/\/vqqm.ca\/wp-content\/uploads\/2020\/12\/Molinari-Sang-or-bleu.jpg\" \/>\n\t<meta property=\"og:image:width\" content=\"2116\" \/>\n\t<meta property=\"og:image:height\" content=\"2124\" \/>\n\t<meta property=\"og:image:type\" content=\"image\/jpeg\" \/>\n<meta name=\"author\" content=\"admin-site-VQQM-OP\" \/>\n<meta name=\"twitter:card\" content=\"summary_large_image\" \/>\n<meta name=\"twitter:creator\" content=\"@QuatuorMolinari\" \/>\n<meta name=\"twitter:site\" content=\"@QuatuorMolinari\" \/>\n<meta name=\"twitter:label1\" content=\"Written by\" \/>\n\t<meta name=\"twitter:data1\" content=\"admin-site-VQQM-OP\" \/>\n\t<meta name=\"twitter:label2\" content=\"Est. reading time\" \/>\n\t<meta name=\"twitter:data2\" content=\"1 minute\" \/>\n<script type=\"application\/ld+json\" class=\"yoast-schema-graph\">{\"@context\":\"https:\/\/schema.org\",\"@graph\":[{\"@type\":\"Article\",\"@id\":\"https:\/\/vqqm.ca\/en\/morel-francois-quatuor-no-1-1952-54\/#article\",\"isPartOf\":{\"@id\":\"https:\/\/vqqm.ca\/en\/morel-francois-quatuor-no-1-1952-54\/\"},\"author\":{\"name\":\"admin-site-VQQM-OP\",\"@id\":\"https:\/\/vqqm.ca\/#\/schema\/person\/a22ce533e8fab6c94888a1183634acf4\"},\"headline\":\"Morel, Fran\u00e7ois : Quatuor no.1 (1952-54)\",\"datePublished\":\"2020-12-22T21:44:03+00:00\",\"dateModified\":\"2021-11-19T22:36:22+00:00\",\"mainEntityOfPage\":{\"@id\":\"https:\/\/vqqm.ca\/en\/morel-francois-quatuor-no-1-1952-54\/\"},\"wordCount\":198,\"commentCount\":0,\"publisher\":{\"@id\":\"https:\/\/vqqm.ca\/#organization\"},\"image\":{\"@id\":\"https:\/\/vqqm.ca\/en\/morel-francois-quatuor-no-1-1952-54\/#primaryimage\"},\"thumbnailUrl\":\"https:\/\/vqqm.ca\/wp-content\/uploads\/2020\/12\/Molinari-Sang-or-bleu.jpg\",\"articleSection\":[\"Videotheque\"],\"inLanguage\":\"en-CA\",\"potentialAction\":[{\"@type\":\"CommentAction\",\"name\":\"Comment\",\"target\":[\"https:\/\/vqqm.ca\/en\/morel-francois-quatuor-no-1-1952-54\/#respond\"]}]},{\"@type\":\"WebPage\",\"@id\":\"https:\/\/vqqm.ca\/en\/morel-francois-quatuor-no-1-1952-54\/\",\"url\":\"https:\/\/vqqm.ca\/en\/morel-francois-quatuor-no-1-1952-54\/\",\"name\":\"Morel, Fran\u00e7ois : Quatuor no.1 (1952-54) - VQQM Vid\u00e9othque\",\"isPartOf\":{\"@id\":\"https:\/\/vqqm.ca\/#website\"},\"primaryImageOfPage\":{\"@id\":\"https:\/\/vqqm.ca\/en\/morel-francois-quatuor-no-1-1952-54\/#primaryimage\"},\"image\":{\"@id\":\"https:\/\/vqqm.ca\/en\/morel-francois-quatuor-no-1-1952-54\/#primaryimage\"},\"thumbnailUrl\":\"https:\/\/vqqm.ca\/wp-content\/uploads\/2020\/12\/Molinari-Sang-or-bleu.jpg\",\"datePublished\":\"2020-12-22T21:44:03+00:00\",\"dateModified\":\"2021-11-19T22:36:22+00:00\",\"description\":\"Les cordes sont parfois trait\u00e9es comme de la percussion. Plus lyrique est le deuxi\u00e8me mouvement avec ses lignes m\u00e9lismatiques.\",\"breadcrumb\":{\"@id\":\"https:\/\/vqqm.ca\/en\/morel-francois-quatuor-no-1-1952-54\/#breadcrumb\"},\"inLanguage\":\"en-CA\",\"potentialAction\":[{\"@type\":\"ReadAction\",\"target\":[\"https:\/\/vqqm.ca\/en\/morel-francois-quatuor-no-1-1952-54\/\"]}]},{\"@type\":\"ImageObject\",\"inLanguage\":\"en-CA\",\"@id\":\"https:\/\/vqqm.ca\/en\/morel-francois-quatuor-no-1-1952-54\/#primaryimage\",\"url\":\"https:\/\/vqqm.ca\/wp-content\/uploads\/2020\/12\/Molinari-Sang-or-bleu.jpg\",\"contentUrl\":\"https:\/\/vqqm.ca\/wp-content\/uploads\/2020\/12\/Molinari-Sang-or-bleu.jpg\",\"width\":2116,\"height\":2124,\"caption\":\"Molinari Sang d'or bleu\"},{\"@type\":\"BreadcrumbList\",\"@id\":\"https:\/\/vqqm.ca\/en\/morel-francois-quatuor-no-1-1952-54\/#breadcrumb\",\"itemListElement\":[{\"@type\":\"ListItem\",\"position\":1,\"name\":\"Home\",\"item\":\"https:\/\/vqqm.ca\/\"},{\"@type\":\"ListItem\",\"position\":2,\"name\":\"Morel, Fran\u00e7ois : Quatuor no.1 (1952-54)\"}]},{\"@type\":\"WebSite\",\"@id\":\"https:\/\/vqqm.ca\/#website\",\"url\":\"https:\/\/vqqm.ca\/\",\"name\":\"Vid\u00e9oth\u00e8que Qu\u00e9b\u00e9coise du Quatuor Molinari | VQQM\",\"description\":\"Vid\u00e9oth\u00e8que de quatuors qu\u00e9b\u00e9cois jou\u00e9 par le Quatuor Molinari\",\"publisher\":{\"@id\":\"https:\/\/vqqm.ca\/#organization\"},\"potentialAction\":[{\"@type\":\"SearchAction\",\"target\":{\"@type\":\"EntryPoint\",\"urlTemplate\":\"https:\/\/vqqm.ca\/?s={search_term_string}\"},\"query-input\":{\"@type\":\"PropertyValueSpecification\",\"valueRequired\":true,\"valueName\":\"search_term_string\"}}],\"inLanguage\":\"en-CA\"},{\"@type\":\"Organization\",\"@id\":\"https:\/\/vqqm.ca\/#organization\",\"name\":\"VQQM - Vid\u00e9otheque quebecois Quatuor Molinari\",\"url\":\"https:\/\/vqqm.ca\/\",\"logo\":{\"@type\":\"ImageObject\",\"inLanguage\":\"en-CA\",\"@id\":\"https:\/\/vqqm.ca\/#\/schema\/logo\/image\/\",\"url\":\"https:\/\/vqqm.ca\/wp-content\/uploads\/2020\/11\/logo-VQQM-2.png\",\"contentUrl\":\"https:\/\/vqqm.ca\/wp-content\/uploads\/2020\/11\/logo-VQQM-2.png\",\"width\":300,\"height\":300,\"caption\":\"VQQM - Vid\u00e9otheque quebecois Quatuor Molinari\"},\"image\":{\"@id\":\"https:\/\/vqqm.ca\/#\/schema\/logo\/image\/\"},\"sameAs\":[\"https:\/\/www.facebook.com\/quatuormolinari\/\",\"https:\/\/x.com\/QuatuorMolinari\",\"https:\/\/www.instagram.com\/quatuormolinari\/\",\"https:\/\/www.linkedin.com\/in\/olga-ranzenhofer-8a77bb23\/\",\"https:\/\/www.youtube.com\/channel\/UC6RBwLOKsG4mtzjIy3g-lCA\"]},{\"@type\":\"Person\",\"@id\":\"https:\/\/vqqm.ca\/#\/schema\/person\/a22ce533e8fab6c94888a1183634acf4\",\"name\":\"admin-site-VQQM-OP\",\"sameAs\":[\"https:\/\/vqqm.ca\"]}]}<\/script>\n<!-- \/ Yoast SEO plugin. -->","yoast_head_json":{"title":"Morel, Fran\u00e7ois : Quatuor no.1 (1952-54) - VQQM Vid\u00e9othque","description":"Les cordes sont parfois trait\u00e9es comme de la percussion. Plus lyrique est le deuxi\u00e8me mouvement avec ses lignes m\u00e9lismatiques.","robots":{"index":"index","follow":"follow","max-snippet":"max-snippet:-1","max-image-preview":"max-image-preview:large","max-video-preview":"max-video-preview:-1"},"canonical":"https:\/\/vqqm.ca\/en\/morel-francois-quatuor-no-1-1952-54\/","og_locale":"en_US","og_type":"article","og_title":"Morel, Fran\u00e7ois : Quatuor no.1 (1952-54) - VQQM Vid\u00e9othque","og_description":"Les cordes sont parfois trait\u00e9es comme de la percussion. Plus lyrique est le deuxi\u00e8me mouvement avec ses lignes m\u00e9lismatiques.","og_url":"https:\/\/vqqm.ca\/en\/morel-francois-quatuor-no-1-1952-54\/","og_site_name":"Vid\u00e9oth\u00e8que Qu\u00e9b\u00e9coise du Quatuor Molinari | VQQM","article_publisher":"https:\/\/www.facebook.com\/quatuormolinari\/","article_published_time":"2020-12-22T21:44:03+00:00","article_modified_time":"2021-11-19T22:36:22+00:00","og_image":[{"width":2116,"height":2124,"url":"https:\/\/vqqm.ca\/wp-content\/uploads\/2020\/12\/Molinari-Sang-or-bleu.jpg","type":"image\/jpeg"}],"author":"admin-site-VQQM-OP","twitter_card":"summary_large_image","twitter_creator":"@QuatuorMolinari","twitter_site":"@QuatuorMolinari","twitter_misc":{"Written by":"admin-site-VQQM-OP","Est. reading time":"1 minute"},"schema":{"@context":"https:\/\/schema.org","@graph":[{"@type":"Article","@id":"https:\/\/vqqm.ca\/en\/morel-francois-quatuor-no-1-1952-54\/#article","isPartOf":{"@id":"https:\/\/vqqm.ca\/en\/morel-francois-quatuor-no-1-1952-54\/"},"author":{"name":"admin-site-VQQM-OP","@id":"https:\/\/vqqm.ca\/#\/schema\/person\/a22ce533e8fab6c94888a1183634acf4"},"headline":"Morel, Fran\u00e7ois : Quatuor no.1 (1952-54)","datePublished":"2020-12-22T21:44:03+00:00","dateModified":"2021-11-19T22:36:22+00:00","mainEntityOfPage":{"@id":"https:\/\/vqqm.ca\/en\/morel-francois-quatuor-no-1-1952-54\/"},"wordCount":198,"commentCount":0,"publisher":{"@id":"https:\/\/vqqm.ca\/#organization"},"image":{"@id":"https:\/\/vqqm.ca\/en\/morel-francois-quatuor-no-1-1952-54\/#primaryimage"},"thumbnailUrl":"https:\/\/vqqm.ca\/wp-content\/uploads\/2020\/12\/Molinari-Sang-or-bleu.jpg","articleSection":["Videotheque"],"inLanguage":"en-CA","potentialAction":[{"@type":"CommentAction","name":"Comment","target":["https:\/\/vqqm.ca\/en\/morel-francois-quatuor-no-1-1952-54\/#respond"]}]},{"@type":"WebPage","@id":"https:\/\/vqqm.ca\/en\/morel-francois-quatuor-no-1-1952-54\/","url":"https:\/\/vqqm.ca\/en\/morel-francois-quatuor-no-1-1952-54\/","name":"Morel, Fran\u00e7ois : Quatuor no.1 (1952-54) - VQQM Vid\u00e9othque","isPartOf":{"@id":"https:\/\/vqqm.ca\/#website"},"primaryImageOfPage":{"@id":"https:\/\/vqqm.ca\/en\/morel-francois-quatuor-no-1-1952-54\/#primaryimage"},"image":{"@id":"https:\/\/vqqm.ca\/en\/morel-francois-quatuor-no-1-1952-54\/#primaryimage"},"thumbnailUrl":"https:\/\/vqqm.ca\/wp-content\/uploads\/2020\/12\/Molinari-Sang-or-bleu.jpg","datePublished":"2020-12-22T21:44:03+00:00","dateModified":"2021-11-19T22:36:22+00:00","description":"Les cordes sont parfois trait\u00e9es comme de la percussion. Plus lyrique est le deuxi\u00e8me mouvement avec ses lignes m\u00e9lismatiques.","breadcrumb":{"@id":"https:\/\/vqqm.ca\/en\/morel-francois-quatuor-no-1-1952-54\/#breadcrumb"},"inLanguage":"en-CA","potentialAction":[{"@type":"ReadAction","target":["https:\/\/vqqm.ca\/en\/morel-francois-quatuor-no-1-1952-54\/"]}]},{"@type":"ImageObject","inLanguage":"en-CA","@id":"https:\/\/vqqm.ca\/en\/morel-francois-quatuor-no-1-1952-54\/#primaryimage","url":"https:\/\/vqqm.ca\/wp-content\/uploads\/2020\/12\/Molinari-Sang-or-bleu.jpg","contentUrl":"https:\/\/vqqm.ca\/wp-content\/uploads\/2020\/12\/Molinari-Sang-or-bleu.jpg","width":2116,"height":2124,"caption":"Molinari Sang d'or bleu"},{"@type":"BreadcrumbList","@id":"https:\/\/vqqm.ca\/en\/morel-francois-quatuor-no-1-1952-54\/#breadcrumb","itemListElement":[{"@type":"ListItem","position":1,"name":"Home","item":"https:\/\/vqqm.ca\/"},{"@type":"ListItem","position":2,"name":"Morel, Fran\u00e7ois : Quatuor no.1 (1952-54)"}]},{"@type":"WebSite","@id":"https:\/\/vqqm.ca\/#website","url":"https:\/\/vqqm.ca\/","name":"Vid\u00e9oth\u00e8que Qu\u00e9b\u00e9coise du Quatuor Molinari | VQQM","description":"Vid\u00e9oth\u00e8que de quatuors qu\u00e9b\u00e9cois jou\u00e9 par le Quatuor Molinari","publisher":{"@id":"https:\/\/vqqm.ca\/#organization"},"potentialAction":[{"@type":"SearchAction","target":{"@type":"EntryPoint","urlTemplate":"https:\/\/vqqm.ca\/?s={search_term_string}"},"query-input":{"@type":"PropertyValueSpecification","valueRequired":true,"valueName":"search_term_string"}}],"inLanguage":"en-CA"},{"@type":"Organization","@id":"https:\/\/vqqm.ca\/#organization","name":"VQQM - Vid\u00e9otheque quebecois Quatuor Molinari","url":"https:\/\/vqqm.ca\/","logo":{"@type":"ImageObject","inLanguage":"en-CA","@id":"https:\/\/vqqm.ca\/#\/schema\/logo\/image\/","url":"https:\/\/vqqm.ca\/wp-content\/uploads\/2020\/11\/logo-VQQM-2.png","contentUrl":"https:\/\/vqqm.ca\/wp-content\/uploads\/2020\/11\/logo-VQQM-2.png","width":300,"height":300,"caption":"VQQM - Vid\u00e9otheque quebecois Quatuor Molinari"},"image":{"@id":"https:\/\/vqqm.ca\/#\/schema\/logo\/image\/"},"sameAs":["https:\/\/www.facebook.com\/quatuormolinari\/","https:\/\/x.com\/QuatuorMolinari","https:\/\/www.instagram.com\/quatuormolinari\/","https:\/\/www.linkedin.com\/in\/olga-ranzenhofer-8a77bb23\/","https:\/\/www.youtube.com\/channel\/UC6RBwLOKsG4mtzjIy3g-lCA"]},{"@type":"Person","@id":"https:\/\/vqqm.ca\/#\/schema\/person\/a22ce533e8fab6c94888a1183634acf4","name":"admin-site-VQQM-OP","sameAs":["https:\/\/vqqm.ca"]}]}},"_links":{"self":[{"href":"https:\/\/vqqm.ca\/en\/wp-json\/wp\/v2\/posts\/941","targetHints":{"allow":["GET"]}}],"collection":[{"href":"https:\/\/vqqm.ca\/en\/wp-json\/wp\/v2\/posts"}],"about":[{"href":"https:\/\/vqqm.ca\/en\/wp-json\/wp\/v2\/types\/post"}],"author":[{"embeddable":true,"href":"https:\/\/vqqm.ca\/en\/wp-json\/wp\/v2\/users\/1"}],"replies":[{"embeddable":true,"href":"https:\/\/vqqm.ca\/en\/wp-json\/wp\/v2\/comments?post=941"}],"version-history":[{"count":12,"href":"https:\/\/vqqm.ca\/en\/wp-json\/wp\/v2\/posts\/941\/revisions"}],"predecessor-version":[{"id":1111,"href":"https:\/\/vqqm.ca\/en\/wp-json\/wp\/v2\/posts\/941\/revisions\/1111"}],"wp:featuredmedia":[{"embeddable":true,"href":"https:\/\/vqqm.ca\/en\/wp-json\/wp\/v2\/media\/950"}],"wp:attachment":[{"href":"https:\/\/vqqm.ca\/en\/wp-json\/wp\/v2\/media?parent=941"}],"wp:term":[{"taxonomy":"category","embeddable":true,"href":"https:\/\/vqqm.ca\/en\/wp-json\/wp\/v2\/categories?post=941"},{"taxonomy":"post_tag","embeddable":true,"href":"https:\/\/vqqm.ca\/en\/wp-json\/wp\/v2\/tags?post=941"}],"curies":[{"name":"wp","href":"https:\/\/api.w.org\/{rel}","templated":true}]}}